{"id":188,"date":"2023-12-02T14:32:07","date_gmt":"2023-12-02T13:32:07","guid":{"rendered":"http:\/\/ikar1.home.pl\/autoinstalator\/wordpress\/?p=188"},"modified":"2023-12-02T14:32:07","modified_gmt":"2023-12-02T13:32:07","slug":"ogloszenie-przetarg-nieograniczony-na-zakup-samochodu-15-osobowego-przystosowanego-do-przewozu-osob-niepelnosprawnych-w-tym-2-osob-na-wozku-inwalidzkim","status":"publish","type":"post","link":"https:\/\/soswndg.pl\/?p=188","title":{"rendered":"Og\u0142oszenie: przetarg nieograniczony na zakup samochodu 15-osobowego, przystosowanego do przewozu os\u00f3b niepe\u0142nosprawnych w tym 2 os\u00f3b na w\u00f3zku inwalidzkim"},"content":{"rendered":"\n<p>Dyrektor Specjalnego O\u015brodka Szkolno-Wychowawczego im. Ireny Sendlerowej w Nowym Dworze Gda\u0144skim, dzia\u0142aj\u0105c na podstawie art. 39 ustawy Prawo zam\u00f3wie\u0144 publicznych z dnia 29.01.2004 roku (Dz.U.Nr.19 poz. 177 z p\u00f3\u017aniejszymi zmianami) tekst jednolity (Dz.U. Nr.223 poz 1655 z 2007 r. oraz Dz.U. Nr 171 poz. 1058 z 2008 r.) og\u0142asza przetarg nieograniczony na zakup samochodu 15-osobowego, przystosowanego do przewozu os\u00f3b niepe\u0142nosprawnych w tym 2 os\u00f3b na w\u00f3zku inwalidzkim.<\/p>\n\n\n\n<p>Miejsce realizacji: siedziba Zamawiaj\u0105cego.<\/p>\n\n\n\n<p>Zamkni\u0119ta koperta z ofert\u0105 oznaczon\u0105:&nbsp;<\/p>\n\n\n\n<p>\u201eOFERTA \u2013 \u201eDostawa samochodu 15-osobowego do przewozu os\u00f3b niepe\u0142nosprawnych, w tym 2 os\u00f3b na w\u00f3zku inwalidzkim&nbsp;dla Specjalnego O\u015brodka Szkolno-Wychowawczego im. Ireny Sendlerowej&nbsp;w Nowym Dworze Gda\u0144skim\u201d<br>\u201eNie otwiera\u0107 przed dniem: 05.03.2014 r. godz. 8:30\u201d<\/p>\n\n\n\n<p>Termin sk\u0142adania ofert up\u0142ywa dnia: 05.03.2014 r., godz. 8:15.<\/p>\n\n\n\n<p>Otwarcie ofert nast\u0105pi: &nbsp;05.03.2014 r., godz. 8:30.<\/p>\n\n\n\n<p>Zamawiaj\u0105cy nie dopuszcza sk\u0142adania ofert cz\u0119\u015bciowych.<\/p>\n\n\n\n<p>Kryterium oceny ofert: najni\u017csza cena.<\/p>\n\n\n\n<p>Termin zwi\u0105zania ofert\u0105: 30 dni.<\/p>\n\n\n\n<p>W przetargu mog\u0105 wzi\u0105\u0107 udzia\u0142 oferenci spe\u0142niaj\u0105cy wymogi okre\u015blone art. 22 ustawy Prawo zam\u00f3wie\u0144 publicznych (tekst jednolity Dz.U. z 2007 r. nr 223 poz. 1655 z p\u00f3\u017aniejszymi zmianami) oraz niewykluczeni na podstawie art.24 w\/w ustawy.<\/p>\n\n\n\n<p>Dyrektor<br><em>Joanna Dudek<\/em><\/p>\n\n\n\n<ul class=\"wp-block-list\">\n<li><a href=\"http:\/\/ikar1.home.pl\/autoinstalator\/wordpress\/wp-content\/uploads\/2023\/12\/siwz.pdf\" target=\"_blank\" rel=\"noreferrer noopener\">SIWZ (pdf)<\/a><\/li>\n\n\n\n<li><a href=\"http:\/\/ikar1.home.pl\/autoinstalator\/wordpress\/wp-content\/uploads\/2023\/12\/zalacznik-_nr_1.doc\" target=\"_blank\" rel=\"noreferrer noopener\">Za\u0142\u0105cznik nr 1 (doc)<\/a><\/li>\n\n\n\n<li><a href=\"http:\/\/ikar1.home.pl\/autoinstalator\/wordpress\/wp-content\/uploads\/2023\/12\/zalacznik-_nr_2.doc\" target=\"_blank\" rel=\"noreferrer noopener\">Za\u0142\u0105cznik nr 2 (doc)<\/a><\/li>\n\n\n\n<li><a href=\"http:\/\/ikar1.home.pl\/autoinstalator\/wordpress\/wp-content\/uploads\/2023\/12\/zalacznik-_nr_3.doc\" target=\"_blank\" rel=\"noreferrer noopener\">Za\u0142\u0105cznik nr 3 (doc)<\/a><\/li>\n\n\n\n<li><a href=\"http:\/\/ikar1.home.pl\/autoinstalator\/wordpress\/wp-content\/uploads\/2023\/12\/zalacznik-_nr_4.doc\" target=\"_blank\" rel=\"noreferrer noopener\">Za\u0142\u0105cznik nr 4 (doc)<\/a><\/li>\n<\/ul>\n","protected":false},"excerpt":{"rendered":"<p>Dyrektor Specjalnego O\u015brodka Szkolno-Wychowawczego im. Ireny Sendlerowej w Nowym Dworze Gda\u0144skim, dzia\u0142aj\u0105c na podstawie art. 39 ustawy Prawo zam\u00f3wie\u0144 publicznych z dnia 29.01.2004 roku (Dz.U.Nr.19 poz. 177 z p\u00f3\u017aniejszymi zmianami) tekst jednolity (Dz.U. Nr.223 poz 1655 z 2007 r. oraz Dz.U. Nr 171 poz. 1058 z 2008 r.) og\u0142asza przetarg nieograniczony na zakup samochodu 15-osobowego, przystosowanego do przewozu os\u00f3b niepe\u0142nosprawnych w tym 2 os\u00f3b na w\u00f3zku inwalidzkim. Miejsce realizacji: siedziba Zamawiaj\u0105cego. Zamkni\u0119ta koperta z ofert\u0105 oznaczon\u0105:&nbsp; \u201eOFERTA \u2013 \u201eDostawa samochodu 15-osobowego do przewozu os\u00f3b niepe\u0142nosprawnych, w tym 2 os\u00f3b na w\u00f3zku inwalidzkim&nbsp;dla Specjalnego O\u015brodka Szkolno-Wychowawczego im. Ireny Sendlerowej&nbsp;w Nowym Dworze&#8230; <\/p>\n","protected":false},"author":1,"featured_media":182,"comment_status":"closed","ping_status":"closed","sticky":false,"template":"","format":"standard","meta":{"footnotes":""},"categories":[3],"tags":[],"class_list":["post-188","post","type-post","status-publish","format-standard","has-post-thumbnail","hentry","category-zamowienia"],"_links":{"self":[{"href":"https:\/\/soswndg.pl\/index.php?rest_route=\/wp\/v2\/posts\/188","targetHints":{"allow":["GET"]}}],"collection":[{"href":"https:\/\/soswndg.pl\/index.php?rest_route=\/wp\/v2\/posts"}],"about":[{"href":"https:\/\/soswndg.pl\/index.php?rest_route=\/wp\/v2\/types\/post"}],"author":[{"embeddable":true,"href":"https:\/\/soswndg.pl\/index.php?rest_route=\/wp\/v2\/users\/1"}],"replies":[{"embeddable":true,"href":"https:\/\/soswndg.pl\/index.php?rest_route=%2Fwp%2Fv2%2Fcomments&post=188"}],"version-history":[{"count":1,"href":"https:\/\/soswndg.pl\/index.php?rest_route=\/wp\/v2\/posts\/188\/revisions"}],"predecessor-version":[{"id":189,"href":"https:\/\/soswndg.pl\/index.php?rest_route=\/wp\/v2\/posts\/188\/revisions\/189"}],"wp:featuredmedia":[{"embeddable":true,"href":"https:\/\/soswndg.pl\/index.php?rest_route=\/wp\/v2\/media\/182"}],"wp:attachment":[{"href":"https:\/\/soswndg.pl\/index.php?rest_route=%2Fwp%2Fv2%2Fmedia&parent=188"}],"wp:term":[{"taxonomy":"category","embeddable":true,"href":"https:\/\/soswndg.pl\/index.php?rest_route=%2Fwp%2Fv2%2Fcategories&post=188"},{"taxonomy":"post_tag","embeddable":true,"href":"https:\/\/soswndg.pl\/index.php?rest_route=%2Fwp%2Fv2%2Ftags&post=188"}],"curies":[{"name":"wp","href":"https:\/\/api.w.org\/{rel}","templated":true}]}}