{"id":277,"date":"2023-12-03T10:41:04","date_gmt":"2023-12-03T09:41:04","guid":{"rendered":"http:\/\/ikar1.home.pl\/autoinstalator\/wordpress\/?p=277"},"modified":"2023-12-03T10:41:04","modified_gmt":"2023-12-03T09:41:04","slug":"pilotazowe-wdrozenie-modelu-specjalistycznych-centrow-wspierajacych-edukacje-wlaczajaca","status":"publish","type":"post","link":"https:\/\/soswndg.pl\/?p=277","title":{"rendered":"Pilota\u017cowe wdro\u017cenie modelu Specjalistycznych Centr\u00f3w Wspieraj\u0105cych Edukacj\u0119 W\u0142\u0105czaj\u0105c\u0105"},"content":{"rendered":"\n<p>Wniosek aplikacyjny z\u0142o\u017cony przez Powiat Nowodworski w ramach projektu&nbsp;<strong>\u201ePilota\u017cowe wdro\u017cenie modelu Specjalistycznych Centr\u00f3w Wspieraj\u0105cych Edukacj\u0119 W\u0142\u0105czaj\u0105c\u0105\u201d<\/strong>&nbsp;otrzyma\u0142 pozytywn\u0105 ocen\u0119 (5 miejsce w skali kraju) i zosta\u0142 wybrany do realizacji. Projekt pod k\u0105tem merytorycznym przygotowa\u0142o 5 nauczycieli SOSW.<\/p>\n\n\n\n<p>Celem g\u0142\u00f3wnym przedsi\u0119wzi\u0119cia jest poprawa dost\u0119pno\u015bci us\u0142ug edukacyjnych dla uczni\u00f3w ze zr\u00f3\u017cnicowanymi potrzebami edukacyjnymi, w tym ze specjalnymi potrzebami edukacyjnymi poprzez utworzenie w Specjalnym O\u015brodku Szkolno\u2013Wychowawczym im. Ireny Sendlerowej w Nowym Dworze Gda\u0144skim Specjalistycznego Centrum Wspieraj\u0105cego Edukacj\u0119 W\u0142\u0105czaj\u0105c\u0105 (SCWEW).&nbsp; W ramach projektu wsparciem w postaci: spotka\u0144 z ekspertami, szkole\u0144, dost\u0119pu do wypo\u017cyczalni specjalistycznego sprz\u0119tu, konsultacji eksperckich, superwizji kole\u017ce\u0144skich, sieci wsp\u00f3\u0142pracy, itp. zostanie obj\u0119tych 7 plac\u00f3wek o\u015bwiatowych tj.:&nbsp;<strong>Zesp\u00f3\u0142 Szk\u00f3\u0142 w Nowym Dworze Gda\u0144skim, Liceum Og\u00f3lnokszta\u0142c\u0105ce w Nowym Dworze Gda\u0144skim, Szko\u0142a Podstawowa im. ks. Jana Twardowskiego w Ko\u0144czewicach, Szko\u0142a w Lubieszewie, Zesp\u00f3\u0142 Szkolno &#8211; Przedszkolny w Kmiecinie, Zesp\u00f3\u0142 Szkolno &#8211; Przedszkolny w Marz\u0119cinie, Zesp\u00f3\u0142 Szk\u00f3\u0142 w Stegnie.<\/strong>&nbsp;Wsparcie b\u0119dzie r\u00f3wnie\u017c skierowane do rodzin dzieci ucz\u0119szczaj\u0105cych do w\/w plac\u00f3wek. W ramach projektu zorganizowane zostan\u0105 konferencje po\u015bwi\u0119cone edukacji w\u0142\u0105czaj\u0105cej oraz kampania spo\u0142eczna, kt\u00f3rej zwie\u0144czeniem b\u0119dzie festyn integracyjny.<\/p>\n\n\n\n<p>Ca\u0142kowita warto\u015b\u0107 projektu wynosi 1 619 805,73 z\u0142 i jest w 100% finansowany z Europejskiego Funduszu Spo\u0142ecznego. Zako\u0144czenie projektu zgodnie z wnioskiem nast\u0105pi w maju 2023 roku.<\/p>\n","protected":false},"excerpt":{"rendered":"<p>Wniosek aplikacyjny z\u0142o\u017cony przez Powiat Nowodworski w ramach projektu\u00a0\u201ePilota\u017cowe wdro\u017cenie modelu Specjalistycznych Centr\u00f3w Wspieraj\u0105cych Edukacj\u0119 W\u0142\u0105czaj\u0105c\u0105\u201d\u00a0otrzyma\u0142 pozytywn\u0105 ocen\u0119 (5 miejsce w skali kraju) i zosta\u0142 wybrany do realizacji.<\/p>\n","protected":false},"author":1,"featured_media":182,"comment_status":"closed","ping_status":"closed","sticky":false,"template":"","format":"standard","meta":{"footnotes":""},"categories":[22],"tags":[],"class_list":["post-277","post","type-post","status-publish","format-standard","has-post-thumbnail","hentry","category-aktualnosci"],"_links":{"self":[{"href":"https:\/\/soswndg.pl\/index.php?rest_route=\/wp\/v2\/posts\/277","targetHints":{"allow":["GET"]}}],"collection":[{"href":"https:\/\/soswndg.pl\/index.php?rest_route=\/wp\/v2\/posts"}],"about":[{"href":"https:\/\/soswndg.pl\/index.php?rest_route=\/wp\/v2\/types\/post"}],"author":[{"embeddable":true,"href":"https:\/\/soswndg.pl\/index.php?rest_route=\/wp\/v2\/users\/1"}],"replies":[{"embeddable":true,"href":"https:\/\/soswndg.pl\/index.php?rest_route=%2Fwp%2Fv2%2Fcomments&post=277"}],"version-history":[{"count":1,"href":"https:\/\/soswndg.pl\/index.php?rest_route=\/wp\/v2\/posts\/277\/revisions"}],"predecessor-version":[{"id":278,"href":"https:\/\/soswndg.pl\/index.php?rest_route=\/wp\/v2\/posts\/277\/revisions\/278"}],"wp:featuredmedia":[{"embeddable":true,"href":"https:\/\/soswndg.pl\/index.php?rest_route=\/wp\/v2\/media\/182"}],"wp:attachment":[{"href":"https:\/\/soswndg.pl\/index.php?rest_route=%2Fwp%2Fv2%2Fmedia&parent=277"}],"wp:term":[{"taxonomy":"category","embeddable":true,"href":"https:\/\/soswndg.pl\/index.php?rest_route=%2Fwp%2Fv2%2Fcategories&post=277"},{"taxonomy":"post_tag","embeddable":true,"href":"https:\/\/soswndg.pl\/index.php?rest_route=%2Fwp%2Fv2%2Ftags&post=277"}],"curies":[{"name":"wp","href":"https:\/\/api.w.org\/{rel}","templated":true}]}}