{"id":301,"date":"2023-12-03T10:52:10","date_gmt":"2023-12-03T09:52:10","guid":{"rendered":"http:\/\/ikar1.home.pl\/autoinstalator\/wordpress\/?p=301"},"modified":"2023-12-03T10:52:10","modified_gmt":"2023-12-03T09:52:10","slug":"program-edukacyjny-kubusiowi-przyjaciele-natury","status":"publish","type":"post","link":"https:\/\/soswndg.pl\/?p=301","title":{"rendered":"Program edukacyjny \u201eKubusiowi Przyjaciele Natury\u201d"},"content":{"rendered":"\n<p>Nasza szko\u0142a zosta\u0142a zg\u0142oszona do XV edycji og\u00f3lnopolskiego programu edukacyjnego Kubusiowi Przyjaciele Natury.<\/p>\n\n\n\n<p>Program&nbsp;<strong>\u201eKubusiowi Przyjaciele Natury\u201d<\/strong>&nbsp;to najwi\u0119kszy og\u00f3lnopolski program edukacyjny o tematyce ekologicznej dla przedszkoli oraz od 2019 roku r\u00f3wnie\u017c dla&nbsp; szk\u00f3\u0142 podstawowych (kl. 1-3), organizowany przez mark\u0119 Kubu\u015b, w kt\u00f3rym co roku bierze udzia\u0142 ponad 9 tys. przedszkoli i 5 tys. szk\u00f3\u0142 podstawowych z ca\u0142ej Polski. Akcja obj\u0119\u0142a swoim zasi\u0119giem ju\u017c ponad 7,5 miliona dzieci.<\/p>\n\n\n\n<p>Celem programu jest proekologiczna edukacja. Dzi\u0119ki specjalnie przygotowanym materia\u0142om i scenariuszom lekcji dzieci wezm\u0105 udzia\u0142 w zaj\u0119ciach tematycznych, podczas kt\u00f3rych naucz\u0105 si\u0119 troszczy\u0107 o \u015brodowisko naturalne, poznaj\u0105 podstawowe zasady ekologii i dowiedz\u0105, dlaczego warto je\u015b\u0107 owoce i warzywa oraz poznaj\u0105 korzy\u015bci p\u0142yn\u0105ce z ruchu.<\/p>\n\n\n\n<p>Wszystkie materia\u0142y edukacyjne zwi\u0105zane z realizacj\u0105 programu \u201eKubusiowi Przyjaciele Natury\u201d zosta\u0142y skonstruowane tak by rozwija\u0107 u dzieci kreatywno\u015b\u0107 i samodzielne my\u015blenie oraz przyswaja\u0107 wiedz\u0119 poprzez zabaw\u0119.<\/p>\n\n\n\n<p>Link do&nbsp; Programu edukacyjnego \u201eKubusiowi Przyjaciele Natury\u201d:&nbsp;<a href=\"https:\/\/przyjacielenatury.pl\/\" target=\"_blank\" rel=\"noreferrer noopener\">https:\/\/przyjacielenatury.pl\/<\/a><\/p>\n\n\n\n<p><em>zesp\u00f3\u0142 ds. wsp\u00f3\u0142pracy z Rad\u0105 Rodzic\u00f3w i Rodzicami<\/em><\/p>\n","protected":false},"excerpt":{"rendered":"<p>Nasza szko\u0142a zosta\u0142a zg\u0142oszona do XV edycji og\u00f3lnopolskiego programu edukacyjnego Kubusiowi Przyjaciele Natury.<\/p>\n","protected":false},"author":1,"featured_media":300,"comment_status":"closed","ping_status":"closed","sticky":false,"template":"","format":"standard","meta":{"footnotes":""},"categories":[22],"tags":[],"class_list":["post-301","post","type-post","status-publish","format-standard","has-post-thumbnail","hentry","category-aktualnosci"],"_links":{"self":[{"href":"https:\/\/soswndg.pl\/index.php?rest_route=\/wp\/v2\/posts\/301","targetHints":{"allow":["GET"]}}],"collection":[{"href":"https:\/\/soswndg.pl\/index.php?rest_route=\/wp\/v2\/posts"}],"about":[{"href":"https:\/\/soswndg.pl\/index.php?rest_route=\/wp\/v2\/types\/post"}],"author":[{"embeddable":true,"href":"https:\/\/soswndg.pl\/index.php?rest_route=\/wp\/v2\/users\/1"}],"replies":[{"embeddable":true,"href":"https:\/\/soswndg.pl\/index.php?rest_route=%2Fwp%2Fv2%2Fcomments&post=301"}],"version-history":[{"count":1,"href":"https:\/\/soswndg.pl\/index.php?rest_route=\/wp\/v2\/posts\/301\/revisions"}],"predecessor-version":[{"id":302,"href":"https:\/\/soswndg.pl\/index.php?rest_route=\/wp\/v2\/posts\/301\/revisions\/302"}],"wp:featuredmedia":[{"embeddable":true,"href":"https:\/\/soswndg.pl\/index.php?rest_route=\/wp\/v2\/media\/300"}],"wp:attachment":[{"href":"https:\/\/soswndg.pl\/index.php?rest_route=%2Fwp%2Fv2%2Fmedia&parent=301"}],"wp:term":[{"taxonomy":"category","embeddable":true,"href":"https:\/\/soswndg.pl\/index.php?rest_route=%2Fwp%2Fv2%2Fcategories&post=301"},{"taxonomy":"post_tag","embeddable":true,"href":"https:\/\/soswndg.pl\/index.php?rest_route=%2Fwp%2Fv2%2Ftags&post=301"}],"curies":[{"name":"wp","href":"https:\/\/api.w.org\/{rel}","templated":true}]}}