{"id":350,"date":"2023-12-03T11:09:06","date_gmt":"2023-12-03T10:09:06","guid":{"rendered":"http:\/\/ikar1.home.pl\/autoinstalator\/wordpress\/?p=350"},"modified":"2023-12-03T11:09:06","modified_gmt":"2023-12-03T10:09:06","slug":"swiateczny-kiermasz-ciast","status":"publish","type":"post","link":"https:\/\/soswndg.pl\/?p=350","title":{"rendered":"\u015awi\u0105teczny kiermasz ciast"},"content":{"rendered":"\n<p>15 i 16 grudnia w szkole odby\u0142 si\u0119&nbsp;<strong>\u015awi\u0105teczny kiermasz ciast<\/strong>.<\/p>\n\n\n\n<p>Akcja zosta\u0142a zorganizowana dzi\u0119ki zaanga\u017cowaniu rodzic\u00f3w naszych uczni\u00f3w oraz nauczycieli. Panie&nbsp;<em>B. Czuba, M. Kostiuk, A. Michalik<\/em>&nbsp;(organizatorki kiermaszu) wraz z uczniami klasy VII B przygotowa\u0142y przepyszny dodatek do tych s\u0142odko\u015bci &#8211; zimow\u0105 herbat\u0119. By\u0142o mi\u0142o i sympatycznie.<\/p>\n\n\n\n<p>Dzi\u0119kujemy za super 2 dni na s\u0142odko.<\/p>\n\n\n\n<figure class=\"wp-block-gallery has-nested-images columns-default is-cropped wp-block-gallery-1 is-layout-flex wp-block-gallery-is-layout-flex\">\n<figure class=\"wp-block-image size-large\"><img loading=\"lazy\" decoding=\"async\" width=\"266\" height=\"199\" data-id=\"335\" src=\"http:\/\/ikar1.home.pl\/autoinstalator\/wordpress\/wp-content\/uploads\/2023\/12\/c4.jpeg\" alt=\"\" class=\"wp-image-335\"\/><\/figure>\n\n\n\n<figure class=\"wp-block-image size-large\"><img loading=\"lazy\" decoding=\"async\" width=\"266\" height=\"199\" data-id=\"338\" src=\"http:\/\/ikar1.home.pl\/autoinstalator\/wordpress\/wp-content\/uploads\/2023\/12\/c1.jpeg\" alt=\"\" class=\"wp-image-338\"\/><\/figure>\n\n\n\n<figure class=\"wp-block-image size-large\"><img loading=\"lazy\" decoding=\"async\" width=\"266\" height=\"199\" data-id=\"336\" src=\"http:\/\/ikar1.home.pl\/autoinstalator\/wordpress\/wp-content\/uploads\/2023\/12\/c3.jpeg\" alt=\"\" class=\"wp-image-336\"\/><\/figure>\n\n\n\n<figure class=\"wp-block-image size-large\"><img loading=\"lazy\" decoding=\"async\" width=\"266\" height=\"199\" data-id=\"337\" src=\"http:\/\/ikar1.home.pl\/autoinstalator\/wordpress\/wp-content\/uploads\/2023\/12\/c2.jpeg\" alt=\"\" class=\"wp-image-337\"\/><\/figure>\n<\/figure>\n","protected":false},"excerpt":{"rendered":"<p>15 i 16 grudnia w szkole odby\u0142 si\u0119\u00a0\u015awi\u0105teczny kiermasz ciast.<\/p>\n","protected":false},"author":1,"featured_media":349,"comment_status":"closed","ping_status":"closed","sticky":false,"template":"","format":"standard","meta":{"footnotes":""},"categories":[22],"tags":[],"class_list":["post-350","post","type-post","status-publish","format-standard","has-post-thumbnail","hentry","category-aktualnosci"],"_links":{"self":[{"href":"https:\/\/soswndg.pl\/index.php?rest_route=\/wp\/v2\/posts\/350","targetHints":{"allow":["GET"]}}],"collection":[{"href":"https:\/\/soswndg.pl\/index.php?rest_route=\/wp\/v2\/posts"}],"about":[{"href":"https:\/\/soswndg.pl\/index.php?rest_route=\/wp\/v2\/types\/post"}],"author":[{"embeddable":true,"href":"https:\/\/soswndg.pl\/index.php?rest_route=\/wp\/v2\/users\/1"}],"replies":[{"embeddable":true,"href":"https:\/\/soswndg.pl\/index.php?rest_route=%2Fwp%2Fv2%2Fcomments&post=350"}],"version-history":[{"count":1,"href":"https:\/\/soswndg.pl\/index.php?rest_route=\/wp\/v2\/posts\/350\/revisions"}],"predecessor-version":[{"id":351,"href":"https:\/\/soswndg.pl\/index.php?rest_route=\/wp\/v2\/posts\/350\/revisions\/351"}],"wp:featuredmedia":[{"embeddable":true,"href":"https:\/\/soswndg.pl\/index.php?rest_route=\/wp\/v2\/media\/349"}],"wp:attachment":[{"href":"https:\/\/soswndg.pl\/index.php?rest_route=%2Fwp%2Fv2%2Fmedia&parent=350"}],"wp:term":[{"taxonomy":"category","embeddable":true,"href":"https:\/\/soswndg.pl\/index.php?rest_route=%2Fwp%2Fv2%2Fcategories&post=350"},{"taxonomy":"post_tag","embeddable":true,"href":"https:\/\/soswndg.pl\/index.php?rest_route=%2Fwp%2Fv2%2Ftags&post=350"}],"curies":[{"name":"wp","href":"https:\/\/api.w.org\/{rel}","templated":true}]}}