{"id":59,"date":"2023-12-02T13:01:43","date_gmt":"2023-12-02T12:01:43","guid":{"rendered":"http:\/\/ikar1.home.pl\/autoinstalator\/wordpress\/?p=59"},"modified":"2023-12-02T13:01:43","modified_gmt":"2023-12-02T12:01:43","slug":"unicef-prawa-dziecka","status":"publish","type":"post","link":"https:\/\/soswndg.pl\/?p=59","title":{"rendered":"UNICEF &#8211; PRAWA DZIECKA"},"content":{"rendered":"\n<p>Polska mo\u017ce poszczyci\u0107 si\u0119 bogat\u0105 tradycj\u0105 zwi\u0105zan\u0105 z promowaniem praw dziecka, pocz\u0105wszy od postaci Janusza Korczaka, cenionego na \u015bwiecie dzia\u0142acza na rzecz godnego traktowania dzieci, po Ludwika Rajchmana, pomys\u0142odawc\u0119 stworzenia mi\u0119dzynarodowej organizacji dzia\u0142aj\u0105cej na rzecz dzieci &#8211; UNICEF. Polska by\u0142a r\u00f3wnie\u017c inicjatorem powstania Konwencji o prawach dziecka, gdy\u017c przed\u0142o\u017cy\u0142a Komisji Praw Cz\u0142owieka ONZ jej pierwszy projekt.<\/p>\n\n\n\n<figure class=\"wp-block-image size-full\"><a href=\"https:\/\/unicef.pl\/co-robimy\/prawa-dziecka\" target=\"_blank\" rel=\"noreferrer noopener\"><img loading=\"lazy\" decoding=\"async\" width=\"560\" height=\"793\" src=\"http:\/\/ikar1.home.pl\/autoinstalator\/wordpress\/wp-content\/uploads\/2023\/12\/unicef02.jpg\" alt=\"\" class=\"wp-image-57\" srcset=\"https:\/\/soswndg.pl\/wp-content\/uploads\/2023\/12\/unicef02.jpg 560w, https:\/\/soswndg.pl\/wp-content\/uploads\/2023\/12\/unicef02-212x300.jpg 212w\" sizes=\"auto, (max-width: 560px) 100vw, 560px\" \/><\/a><figcaption class=\"wp-element-caption\">Ka\u017cdemu dziecku, niezale\u017cnie od koloru sk\u00f3ry, wyznania czy pochodzenia, przys\u0142uguj\u0105 takie same prawa &#8211; prawa dziecka. Najwa\u017cniejszym dokumentem dotycz\u0105cym praw dziecka jest Konwencja o prawach dziecka uchwalona w 1989 roku przez Zgromadzenie Og\u00f3lne &#8211; 1<\/figcaption><\/figure>\n","protected":false},"excerpt":{"rendered":"<p>Polska mo\u017ce poszczyci\u0107 si\u0119 bogat\u0105 tradycj\u0105 zwi\u0105zan\u0105 z promowaniem praw dziecka, pocz\u0105wszy od postaci Janusza Korczaka, cenionego na \u015bwiecie dzia\u0142acza na rzecz godnego traktowania dzieci, po Ludwika Rajchmana, pomys\u0142odawc\u0119 stworzenia mi\u0119dzynarodowej organizacji dzia\u0142aj\u0105cej na rzecz dzieci &#8211; UNICEF. Polska by\u0142a r\u00f3wnie\u017c inicjatorem powstania Konwencji o prawach dziecka, gdy\u017c przed\u0142o\u017cy\u0142a Komisji Praw Cz\u0142owieka ONZ jej pierwszy projekt.<\/p>\n","protected":false},"author":1,"featured_media":58,"comment_status":"closed","ping_status":"closed","sticky":false,"template":"","format":"standard","meta":{"footnotes":""},"categories":[20],"tags":[],"class_list":["post-59","post","type-post","status-publish","format-standard","has-post-thumbnail","hentry","category-dlauczniow"],"_links":{"self":[{"href":"https:\/\/soswndg.pl\/index.php?rest_route=\/wp\/v2\/posts\/59","targetHints":{"allow":["GET"]}}],"collection":[{"href":"https:\/\/soswndg.pl\/index.php?rest_route=\/wp\/v2\/posts"}],"about":[{"href":"https:\/\/soswndg.pl\/index.php?rest_route=\/wp\/v2\/types\/post"}],"author":[{"embeddable":true,"href":"https:\/\/soswndg.pl\/index.php?rest_route=\/wp\/v2\/users\/1"}],"replies":[{"embeddable":true,"href":"https:\/\/soswndg.pl\/index.php?rest_route=%2Fwp%2Fv2%2Fcomments&post=59"}],"version-history":[{"count":1,"href":"https:\/\/soswndg.pl\/index.php?rest_route=\/wp\/v2\/posts\/59\/revisions"}],"predecessor-version":[{"id":60,"href":"https:\/\/soswndg.pl\/index.php?rest_route=\/wp\/v2\/posts\/59\/revisions\/60"}],"wp:featuredmedia":[{"embeddable":true,"href":"https:\/\/soswndg.pl\/index.php?rest_route=\/wp\/v2\/media\/58"}],"wp:attachment":[{"href":"https:\/\/soswndg.pl\/index.php?rest_route=%2Fwp%2Fv2%2Fmedia&parent=59"}],"wp:term":[{"taxonomy":"category","embeddable":true,"href":"https:\/\/soswndg.pl\/index.php?rest_route=%2Fwp%2Fv2%2Fcategories&post=59"},{"taxonomy":"post_tag","embeddable":true,"href":"https:\/\/soswndg.pl\/index.php?rest_route=%2Fwp%2Fv2%2Ftags&post=59"}],"curies":[{"name":"wp","href":"https:\/\/api.w.org\/{rel}","templated":true}]}}